{"id":1210,"date":"2020-03-03T13:24:49","date_gmt":"2020-03-03T11:24:49","guid":{"rendered":"http:\/\/www.weset-project.eu\/?p=1210"},"modified":"2020-03-03T13:24:49","modified_gmt":"2020-03-03T11:24:49","slug":"lenergie-eolienne-en-tunisie-etats-des-lieux-et-perspectives","status":"publish","type":"post","link":"https:\/\/www.weset-project.eu\/fr\/lenergie-eolienne-en-tunisie-etats-des-lieux-et-perspectives\/","title":{"rendered":"L\u2019\u00e9nergie \u00e9olienne en Tunisie : Etats des lieux et perspectives"},"content":{"rendered":"<input class=\"fooboxshare_post_id\" type=\"hidden\" value=\"1210\"\/><p>L\u2019Ecole Nationale d\u2019Ing\u00e9nieurs de Carthage, ENICarthage, et le Laboratoire de Recherche Electricit\u00e9 Intelligente et TIC, EI&amp;TIC, organisent en collaboration avec l\u2019Association des Sciences et Technologies Electriques, ASTE, dans le cadre du Projet Erasmus+ KA2 : Wind Engineering Skills in Egypt and Tunisia, WESET :<\/p>\n<p>La premi\u00e8re Journ\u00e9e sur \u00ab\u00a0L\u2019\u00e9nergie \u00e9olienne en Tunisie : Etats des lieux et perspectives\u00a0\u00bb,\u00a0; et ce le mercredi 11 mars 2020, \u00e0 la salle de Conf\u00e9rences de l\u2019ENICarthage.<\/p>\n<p>Ci-joint\u00a0est disponible le programme de la journ\u00e9e.<\/p>\n<p>L\u2019inscription \u00e0 cet \u00e9v\u00e9nement a lieu exclusivement \u00e0 travers <a href=\"https:\/\/docs.google.com\/forms\/d\/e\/1FAIpQLScJLMmSZf_a0L-xEdq9yBI_k6l-WO70pdKB14MexfV043qYCg\/viewform\">ce lien<\/a>, ou par retour de la fiche d\u2019inscription jointe, \u00a0par E-mail ou par fax,\u00a0\u00a0<strong><u>au plus tard le vendredi 6 mars 2020<\/u><\/strong>.<\/p>\n<p>Votre participation nous honore et nous souhaitons vivement voir parmi nous votre \u00e9quipe de recherche et vos coll\u00e8gues enseignants\u00a0 int\u00e9ress\u00e9s par\u00a0 les \u00e9nergies renouvelables, en particulier l&rsquo;\u00e9nergie du vent.<\/p>\n<p><img loading=\"lazy\" class=\"aligncenter  wp-image-1107\" src=\"http:\/\/www.weset-project.eu\/wp-content\/uploads\/2017\/09\/featured-03-300x113.jpg\" alt=\"\" width=\"496\" height=\"187\" \/><\/p>\n","protected":false},"excerpt":{"rendered":"<p>L\u2019Ecole Nationale d\u2019Ing\u00e9nieurs de Carthage, ENICarthage, et le Laboratoire de Recherche Electricit\u00e9 Intelligente et TIC, EI&amp;TIC, organisent en collaboration avec l\u2019Association des Sciences et Technologies Electriques, ASTE, dans le cadre du Projet Erasmus+ KA2 : Wind Engineering Skills in Egypt and Tunisia, WESET : La premi\u00e8re Journ\u00e9e sur \u00ab\u00a0L\u2019\u00e9nergie \u00e9olienne en Tunisie : Etats des [&hellip;]<\/p>\n","protected":false},"author":1450,"featured_media":0,"comment_status":"closed","ping_status":"open","sticky":false,"template":"","format":"standard","meta":{"_genesis_hide_title":false,"_genesis_hide_breadcrumbs":false,"_genesis_hide_singular_image":false,"_genesis_hide_footer_widgets":false,"_genesis_custom_body_class":"","_genesis_custom_post_class":"","_genesis_layout":""},"categories":[19],"tags":[],"_links":{"self":[{"href":"https:\/\/www.weset-project.eu\/fr\/wp-json\/wp\/v2\/posts\/1210"}],"collection":[{"href":"https:\/\/www.weset-project.eu\/fr\/wp-json\/wp\/v2\/posts"}],"about":[{"href":"https:\/\/www.weset-project.eu\/fr\/wp-json\/wp\/v2\/types\/post"}],"author":[{"embeddable":true,"href":"https:\/\/www.weset-project.eu\/fr\/wp-json\/wp\/v2\/users\/1450"}],"replies":[{"embeddable":true,"href":"https:\/\/www.weset-project.eu\/fr\/wp-json\/wp\/v2\/comments?post=1210"}],"version-history":[{"count":1,"href":"https:\/\/www.weset-project.eu\/fr\/wp-json\/wp\/v2\/posts\/1210\/revisions"}],"predecessor-version":[{"id":1211,"href":"https:\/\/www.weset-project.eu\/fr\/wp-json\/wp\/v2\/posts\/1210\/revisions\/1211"}],"wp:attachment":[{"href":"https:\/\/www.weset-project.eu\/fr\/wp-json\/wp\/v2\/media?parent=1210"}],"wp:term":[{"taxonomy":"category","embeddable":true,"href":"https:\/\/www.weset-project.eu\/fr\/wp-json\/wp\/v2\/categories?post=1210"},{"taxonomy":"post_tag","embeddable":true,"href":"https:\/\/www.weset-project.eu\/fr\/wp-json\/wp\/v2\/tags?post=1210"}],"curies":[{"name":"wp","href":"https:\/\/api.w.org\/{rel}","templated":true}]}}